{"id":129,"date":"2018-06-03T11:48:10","date_gmt":"2018-06-03T10:48:10","guid":{"rendered":"https:\/\/haller.pmachinery.de\/wordpress\/?p=129"},"modified":"2018-06-03T11:48:10","modified_gmt":"2018-06-03T10:48:10","slug":"verlassene-orte-ii","status":"publish","type":"post","link":"https:\/\/haller.pmachinery.de\/wordpress\/archive\/129","title":{"rendered":"\u00bbVerlassene Orte II\u00ab"},"content":{"rendered":"<p><strong>Die Ausschreibung<\/strong><\/p>\n<p>2012 erschien im Verlag p.machinery die Anthologie \u00bb<strong>Verlassene Orte<\/strong>\u00ab; das Buch ist seit November 2017 nur noch antiquarisch zu bekommen.<\/p>\n<p>F\u00fcr \u00bb<strong>Verlassene Orte II<\/strong>\u00ab, ein Taschenbuch, das ebenfalls in der Reihe \u00bbAu\u00dfer der Reihe\u00ab bei p.machinery erscheinen soll,\u00a0 suchen wir Kurzgeschichten zum Thema. (Keine Lyrik!)<\/p>\n<p>Verlassene, vom Menschen aufgegebene Orte zeigen ihr ungeschminktes, ehrliches Wesen: Zimmer, Friedh\u00f6fe, Produktionsst\u00e4tten, Krankenh\u00e4user, Hotels, an denen seit Jahren die Zeit nagt, die verfallen, und an denen von Menschenhand nichts ver\u00e4ndert wurde.<\/p>\n<p>Der \u00f6ffentliche Raum, in dem wir uns bewegen, ist \u00fcberwacht und kontrolliert. Er hat eine Funktion, und der Mensch f\u00fcgt sich dieser: Eingekauft wird in der Mall, gegrillt wird an festgelegten Pl\u00e4tzen im Park, getanzt wird in der Diskothek. Die Geschichte der <strong>Verlassenen Orte<\/strong> bleibt oftmals verborgen, es ist nicht immer ersichtlich, f\u00fcr wen und wozu sie einmal geschaffen wurden. Ihre Gestaltung ist abgeschlossen, ihre Nutzung beendet, nun k\u00f6nnen sie ein ungesteuertes Eigenleben entwickeln. Sie n\u00fctzen niemandem mehr. Sie haben keine Funktion mehr.<\/p>\n<p>Der Fotograf und Grafiker Sebastian Schwarz hat diese Orte besucht, hat sie unangetastet gelassen und nur die Fotos mitgebracht. Seit 2010 spezialisiert er sich auf verlassene Geb\u00e4ude. Er h\u00e4lt in seinen Fotos alte Industrieanlagen, private R\u00e4ume und herrschaftliche Bauwerke fest. Ihn fasziniert an den Motiven, dass auch <strong>verlassene Orte<\/strong> noch von den Menschen erz\u00e4hlen, die zuletzt dort gewirkt und gelebt haben. Verlassene, aufgegebene und dichtgemachte Zimmer, H\u00e4user und Anlagen f\u00e4ngt er in seinen Bildern ein, damit sie nicht verloren gehen.<\/p>\n<p>Eindr\u00fccke seiner Arbeit sind auf seiner Homepage <a href=\"http:\/\/www.sebblack.de\/\">www.SebBlack.de<\/a> zu finden. Lassen Sie sich von den\u00a0 Bildern inspirieren und schicken Sie uns<\/p>\n<ul>\n<li><strong>bis 31. Juli 2018<\/strong><\/li>\n<li>Ihre unver\u00f6ffentlichte \u00bbVerlassene Orte\u00ab-Geschichte (Umfang: 1\u201320 Normseiten)<\/li>\n<li>Ihre Vita mit Adresse<\/li>\n<\/ul>\n<p>an: <a href=\"mailto:info@literaturzeitschrift-haller.de\" target=\"_blank\" rel=\"noopener\">info@literaturzeitschrift-haller.de<\/a><\/p>\n<p>Vertrags-Details siehe unter: <a href=\"https:\/\/www.pmachinery.de\/unsere-projekte\/vertraege\" target=\"_blank\" rel=\"noopener\">https:\/\/www.pmachinery.de\/unsere-projekte\/vertraege<\/a><\/p>\n<p>Wir freuen uns auf Ihre Einsendung!<\/p>\n","protected":false},"excerpt":{"rendered":"<p>Die Ausschreibung 2012 erschien im Verlag p.machinery die Anthologie \u00bbVerlassene Orte\u00ab; das Buch ist seit November 2017 nur noch antiquarisch zu bekommen. F\u00fcr \u00bbVerlassene Orte II\u00ab, ein Taschenbuch, das ebenfalls in der Reihe \u00bbAu\u00dfer der Reihe\u00ab bei p.machinery erscheinen soll,\u00a0 &hellip; <a href=\"https:\/\/haller.pmachinery.de\/wordpress\/archive\/129\">Continue reading <span class=\"meta-nav\">&rarr;<\/span><\/a><\/p>\n","protected":false},"author":1,"featured_media":0,"comment_status":"closed","ping_status":"closed","sticky":false,"template":"","format":"standard","meta":{"footnotes":""},"categories":[3,4],"tags":[],"class_list":["post-129","post","type-post","status-publish","format-standard","hentry","category-ausschreibungen","category-news"],"_links":{"self":[{"href":"https:\/\/haller.pmachinery.de\/wordpress\/wp-json\/wp\/v2\/posts\/129","targetHints":{"allow":["GET"]}}],"collection":[{"href":"https:\/\/haller.pmachinery.de\/wordpress\/wp-json\/wp\/v2\/posts"}],"about":[{"href":"https:\/\/haller.pmachinery.de\/wordpress\/wp-json\/wp\/v2\/types\/post"}],"author":[{"embeddable":true,"href":"https:\/\/haller.pmachinery.de\/wordpress\/wp-json\/wp\/v2\/users\/1"}],"replies":[{"embeddable":true,"href":"https:\/\/haller.pmachinery.de\/wordpress\/wp-json\/wp\/v2\/comments?post=129"}],"version-history":[{"count":0,"href":"https:\/\/haller.pmachinery.de\/wordpress\/wp-json\/wp\/v2\/posts\/129\/revisions"}],"wp:attachment":[{"href":"https:\/\/haller.pmachinery.de\/wordpress\/wp-json\/wp\/v2\/media?parent=129"}],"wp:term":[{"taxonomy":"category","embeddable":true,"href":"https:\/\/haller.pmachinery.de\/wordpress\/wp-json\/wp\/v2\/categories?post=129"},{"taxonomy":"post_tag","embeddable":true,"href":"https:\/\/haller.pmachinery.de\/wordpress\/wp-json\/wp\/v2\/tags?post=129"}],"curies":[{"name":"wp","href":"https:\/\/api.w.org\/{rel}","templated":true}]}}