{"id":303,"date":"2019-04-10T08:11:16","date_gmt":"2019-04-10T07:11:16","guid":{"rendered":"https:\/\/haller.pmachinery.de\/wordpress\/?p=303"},"modified":"2019-04-10T08:11:16","modified_gmt":"2019-04-10T07:11:16","slug":"das-unsichtbare-ausstellung-von-kai-savelsberg-in-aachen","status":"publish","type":"post","link":"https:\/\/haller.pmachinery.de\/wordpress\/archive\/303","title":{"rendered":"Das Unsichtbare: Ausstellung von Kai Savelsberg in Aachen"},"content":{"rendered":"<div><a href=\"https:\/\/haller.pmachinery.de\/wordpress\/wp-content\/uploads\/2019\/04\/raum-f\u00fcr-kunst.jpg\" rel=\"lightbox[303]\"><img loading=\"lazy\" decoding=\"async\" class=\"alignnone  wp-image-304\" src=\"https:\/\/haller.pmachinery.de\/wordpress\/wp-content\/uploads\/2019\/04\/raum-f\u00fcr-kunst-300x165.jpg\" alt=\"\" width=\"740\" height=\"407\" srcset=\"https:\/\/haller.pmachinery.de\/wordpress\/wp-content\/uploads\/2019\/04\/raum-f\u00fcr-kunst-300x165.jpg 300w, https:\/\/haller.pmachinery.de\/wordpress\/wp-content\/uploads\/2019\/04\/raum-f\u00fcr-kunst-768x422.jpg 768w, https:\/\/haller.pmachinery.de\/wordpress\/wp-content\/uploads\/2019\/04\/raum-f\u00fcr-kunst-1024x563.jpg 1024w, https:\/\/haller.pmachinery.de\/wordpress\/wp-content\/uploads\/2019\/04\/raum-f\u00fcr-kunst.jpg 1259w\" sizes=\"auto, (max-width: 740px) 100vw, 740px\" \/><\/a><\/div>\n<div><\/div>\n<div>Am 03. Mai 2019 wird Kai Savelsbergs Ausstellung &#8222;Das Unsichtbare&#8220; im Raum f\u00fcr Kunst in Aachen er\u00f6ffnet.<br \/>\nNeben den Bildern sind nat\u00fcrlich auch wieder viele neue Texte entstanden.<br \/>\nZum Abschluss der Ausstellung, am 02. Juni, gibt&#8217;s dann eine Lesung im Raum f\u00fcr Kunst.<\/p>\n<p>Und hier alle Infos:<\/p>\n<p><b>Er\u00f6ffnung: <\/b>03.05.2019, 19 Uhr<br \/>\n<b>Einf\u00fchrung: <\/b>Vanessa C. Heitland, Leiterin der St\u00e4dtischen Galerie Villingen-Schwenningen<br \/>\n<b>Ausstellungszeitraum: <\/b>04.05.-01.06.2019<br \/>\n<b>Finissage: <\/b>02.06.2019, 12 Uhr, moderierte Lesung; Kai Savelsberg &amp; Stefan Skowron<br \/>\n<b>\u00d6ffnungszeiten: <\/b>Dienstag, Donnerstag, Freitag, Samstag 12-17 Uhr<\/p>\n<p><b>Raum f\u00fcr Kunst<\/b>, Elisengalerie, Friedrich-Wilhelm-Platz 5-6, 52062 Aachen<\/p>\n<p>Im Anschluss an die Er\u00f6ffnung am 03. Mai sind alle Besucher herzlich eingeladen den Abend in Kai Savelsbergs Atelier<br \/>\nin der Rudolfstra\u00dfe 73 (Aachen) zu verl\u00e4ngern bzw. ausklingen zu lassen.<\/p><\/div>\n","protected":false},"excerpt":{"rendered":"<p>Am 03. Mai 2019 wird Kai Savelsbergs Ausstellung &#8222;Das Unsichtbare&#8220; im Raum f\u00fcr Kunst in Aachen er\u00f6ffnet. Neben den Bildern sind nat\u00fcrlich auch wieder viele neue Texte entstanden. Zum Abschluss der Ausstellung, am 02. Juni, gibt&#8217;s dann eine Lesung im &hellip; <a href=\"https:\/\/haller.pmachinery.de\/wordpress\/archive\/303\">Continue reading <span class=\"meta-nav\">&rarr;<\/span><\/a><\/p>\n","protected":false},"author":2,"featured_media":0,"comment_status":"closed","ping_status":"closed","sticky":false,"template":"","format":"standard","meta":{"footnotes":""},"categories":[1],"tags":[],"class_list":["post-303","post","type-post","status-publish","format-standard","hentry","category-allgemein"],"_links":{"self":[{"href":"https:\/\/haller.pmachinery.de\/wordpress\/wp-json\/wp\/v2\/posts\/303","targetHints":{"allow":["GET"]}}],"collection":[{"href":"https:\/\/haller.pmachinery.de\/wordpress\/wp-json\/wp\/v2\/posts"}],"about":[{"href":"https:\/\/haller.pmachinery.de\/wordpress\/wp-json\/wp\/v2\/types\/post"}],"author":[{"embeddable":true,"href":"https:\/\/haller.pmachinery.de\/wordpress\/wp-json\/wp\/v2\/users\/2"}],"replies":[{"embeddable":true,"href":"https:\/\/haller.pmachinery.de\/wordpress\/wp-json\/wp\/v2\/comments?post=303"}],"version-history":[{"count":0,"href":"https:\/\/haller.pmachinery.de\/wordpress\/wp-json\/wp\/v2\/posts\/303\/revisions"}],"wp:attachment":[{"href":"https:\/\/haller.pmachinery.de\/wordpress\/wp-json\/wp\/v2\/media?parent=303"}],"wp:term":[{"taxonomy":"category","embeddable":true,"href":"https:\/\/haller.pmachinery.de\/wordpress\/wp-json\/wp\/v2\/categories?post=303"},{"taxonomy":"post_tag","embeddable":true,"href":"https:\/\/haller.pmachinery.de\/wordpress\/wp-json\/wp\/v2\/tags?post=303"}],"curies":[{"name":"wp","href":"https:\/\/api.w.org\/{rel}","templated":true}]}}