{"id":794,"date":"2022-01-23T06:23:04","date_gmt":"2022-01-23T05:23:04","guid":{"rendered":"https:\/\/haller.pmachinery.de\/wordpress\/?p=794"},"modified":"2022-01-22T09:37:12","modified_gmt":"2022-01-22T08:37:12","slug":"johann-seidl-beschraenkte-pigmente","status":"publish","type":"post","link":"https:\/\/haller.pmachinery.de\/wordpress\/archive\/794","title":{"rendered":"Johann Seidl: &#8222;Beschr\u00e4nkte Pigmente&#8220;"},"content":{"rendered":"<p>Johann Seidl hat seine lyrischen &#8222;beschr\u00e4nkte(n) Pigmente&#8220; in HALLER 16 ver\u00f6ffentlicht.<\/p>\n<p>Mit dieser Gedicht-Collage m\u00f6chten wir den Text vorstellen:<\/p>\n<div style=\"width: 500px;\" class=\"wp-video\"><!--[if lt IE 9]><script>document.createElement('video');<\/script><![endif]-->\n<video class=\"wp-video-shortcode\" id=\"video-794-1\" width=\"500\" height=\"281\" preload=\"metadata\" controls=\"controls\"><source type=\"video\/mp4\" src=\"https:\/\/haller.pmachinery.de\/ressources\/2022\/seidl16.mp4?_=1\" \/><a href=\"https:\/\/haller.pmachinery.de\/ressources\/2022\/seidl16.mp4\">https:\/\/haller.pmachinery.de\/ressources\/2022\/seidl16.mp4<\/a><\/video><\/div>\n","protected":false},"excerpt":{"rendered":"<p>Johann Seidl hat seine lyrischen &#8222;beschr\u00e4nkte(n) Pigmente&#8220; in HALLER 16 ver\u00f6ffentlicht. Mit dieser Gedicht-Collage m\u00f6chten wir den Text vorstellen: https:\/\/haller.pmachinery.de\/ressources\/2022\/seidl16.mp4<\/p>\n","protected":false},"author":2,"featured_media":0,"comment_status":"closed","ping_status":"closed","sticky":false,"template":"","format":"standard","meta":{"footnotes":""},"categories":[1,4],"tags":[],"class_list":["post-794","post","type-post","status-publish","format-standard","hentry","category-allgemein","category-news"],"_links":{"self":[{"href":"https:\/\/haller.pmachinery.de\/wordpress\/wp-json\/wp\/v2\/posts\/794","targetHints":{"allow":["GET"]}}],"collection":[{"href":"https:\/\/haller.pmachinery.de\/wordpress\/wp-json\/wp\/v2\/posts"}],"about":[{"href":"https:\/\/haller.pmachinery.de\/wordpress\/wp-json\/wp\/v2\/types\/post"}],"author":[{"embeddable":true,"href":"https:\/\/haller.pmachinery.de\/wordpress\/wp-json\/wp\/v2\/users\/2"}],"replies":[{"embeddable":true,"href":"https:\/\/haller.pmachinery.de\/wordpress\/wp-json\/wp\/v2\/comments?post=794"}],"version-history":[{"count":0,"href":"https:\/\/haller.pmachinery.de\/wordpress\/wp-json\/wp\/v2\/posts\/794\/revisions"}],"wp:attachment":[{"href":"https:\/\/haller.pmachinery.de\/wordpress\/wp-json\/wp\/v2\/media?parent=794"}],"wp:term":[{"taxonomy":"category","embeddable":true,"href":"https:\/\/haller.pmachinery.de\/wordpress\/wp-json\/wp\/v2\/categories?post=794"},{"taxonomy":"post_tag","embeddable":true,"href":"https:\/\/haller.pmachinery.de\/wordpress\/wp-json\/wp\/v2\/tags?post=794"}],"curies":[{"name":"wp","href":"https:\/\/api.w.org\/{rel}","templated":true}]}}