{"id":828,"date":"2022-03-03T07:47:38","date_gmt":"2022-03-03T06:47:38","guid":{"rendered":"https:\/\/haller.pmachinery.de\/wordpress\/?p=828"},"modified":"2022-03-03T07:49:16","modified_gmt":"2022-03-03T06:49:16","slug":"goldenes-verdienstabzeichen-des-landes-wien-fuer-haller-autor-peter-paul-wiplinger-u-a-haller-18","status":"publish","type":"post","link":"https:\/\/haller.pmachinery.de\/wordpress\/archive\/828","title":{"rendered":"Goldenes Verdienstabzeichen des Landes Wien f\u00fcr HALLER-Autor Peter Paul Wiplinger (u. a. HALLER 18)"},"content":{"rendered":"<p>Am 25.2.2022 wurde dem 1939 in Haslach im M\u00fchlviertel geborenen Schriftsteller und k\u00fcnstlerischen Fotografen <strong>Prof. Peter Paul Wiplinger<\/strong> im Wiener Rathaus das vom Wiener Landtag schon 2020 f\u00fcr ihn beschlossene <strong>Goldene Verdienstzeichen des Landes Wien<\/strong> durch den Ersten Landtagspr\u00e4sidenten Ernst Woller \u00fcberreicht. Damit wurde das umfangreiche Lebenswerk des Dichters und Kulturschaffenden \u2013 etwa 50 Buchpublikationen in mehr als 20 Sprachen und zahlreiche Fotodokumentationen \u2013 sowie sein stets engagiertes Eintreten f\u00fcr die Menschenrechte gew\u00fcrdigt.<\/p>\n<p>Der Ausgezeichnete legte in seiner Dankesrede seine Positionierung mit den Worten klar: \u201eIch bin kein F\u00fcgsamer, sondern einer, der ohne R\u00fccksicht \u2013 auch auf sich selbst \u2013 ausspricht, was zu sagen ist. Es kostet uns hier in der freien Demokratie ja ohnedies nicht mehr als ein wenig von der f\u00fcr mich selbstverst\u00e4ndlichen und stets eingeforderten Zivilcourage.\u201c \u00dcber sein schriftstellerisches Werk hinaus betrachte er dieses aktiv gelebte Engagement als seine Lebensleistung.<\/p>\n<p>Peter Paul Wiplinger wurde schon Jahre zuvor u.a. mit dem <em>Ehrenkreuz f\u00fcr Wissenschaft und Kunst 1.Kl.<\/em> sowie mit dem <em>Gro\u00dfen Ehrenzeichen f\u00fcr Verdienste um die Republik \u00d6sterreich<\/em> ausgezeichnet.<\/p>\n<div style=\"width: 2797px\" class=\"wp-caption alignnone\"><img loading=\"lazy\" decoding=\"async\" src=\"https:\/\/haller.pmachinery.de\/ressources\/2022\/gw1ppw.jpg\" alt=\"Landtagspr\u00e4sident Ernst Woller mit Peter Paul Wiplinger, 25.2.2022, Copyright \u00a9 by A. S. Nowak\" width=\"2787\" height=\"2760\" \/><p class=\"wp-caption-text\">Landtagspr\u00e4sident Ernst Woller mit Peter Paul Wiplinger, 25.2.2022, Copyright \u00a9 by A. S. Nowak<\/p><\/div>\n<div style=\"width: 4336px\" class=\"wp-caption alignnone\"><img loading=\"lazy\" decoding=\"async\" src=\"https:\/\/haller.pmachinery.de\/ressources\/2022\/gw2ppw.jpg\" alt=\"Goldenes Verdienstzeichen des Landes Wien an PPW, 2022-02-25, LT-Pr\u00e4s. Woller, PPW, BR Reisinger, Copyright A. S. Nowak\" width=\"4326\" height=\"2678\" \/><p class=\"wp-caption-text\">Goldenes Verdienstzeichen des Landes Wien an PPW, 2022-02-25, LT-Pr\u00e4s. Woller, PPW, BR Reisinger, Copyright A. S. Nowak<\/p><\/div>\n<p><em>Copyright text und bild \u00a9 by A. S. Nowak<br \/>\n<\/em><em>Wien, 25.2.2022<\/em><\/p>\n","protected":false},"excerpt":{"rendered":"<p>Am 25.2.2022 wurde dem 1939 in Haslach im M\u00fchlviertel geborenen Schriftsteller und k\u00fcnstlerischen Fotografen Prof. Peter Paul Wiplinger im Wiener Rathaus das vom Wiener Landtag schon 2020 f\u00fcr ihn beschlossene Goldene Verdienstzeichen des Landes Wien durch den Ersten Landtagspr\u00e4sidenten Ernst &hellip; <a href=\"https:\/\/haller.pmachinery.de\/wordpress\/archive\/828\">Continue reading <span class=\"meta-nav\">&rarr;<\/span><\/a><\/p>\n","protected":false},"author":2,"featured_media":0,"comment_status":"closed","ping_status":"closed","sticky":false,"template":"","format":"standard","meta":{"footnotes":""},"categories":[1],"tags":[],"class_list":["post-828","post","type-post","status-publish","format-standard","hentry","category-allgemein"],"_links":{"self":[{"href":"https:\/\/haller.pmachinery.de\/wordpress\/wp-json\/wp\/v2\/posts\/828","targetHints":{"allow":["GET"]}}],"collection":[{"href":"https:\/\/haller.pmachinery.de\/wordpress\/wp-json\/wp\/v2\/posts"}],"about":[{"href":"https:\/\/haller.pmachinery.de\/wordpress\/wp-json\/wp\/v2\/types\/post"}],"author":[{"embeddable":true,"href":"https:\/\/haller.pmachinery.de\/wordpress\/wp-json\/wp\/v2\/users\/2"}],"replies":[{"embeddable":true,"href":"https:\/\/haller.pmachinery.de\/wordpress\/wp-json\/wp\/v2\/comments?post=828"}],"version-history":[{"count":0,"href":"https:\/\/haller.pmachinery.de\/wordpress\/wp-json\/wp\/v2\/posts\/828\/revisions"}],"wp:attachment":[{"href":"https:\/\/haller.pmachinery.de\/wordpress\/wp-json\/wp\/v2\/media?parent=828"}],"wp:term":[{"taxonomy":"category","embeddable":true,"href":"https:\/\/haller.pmachinery.de\/wordpress\/wp-json\/wp\/v2\/categories?post=828"},{"taxonomy":"post_tag","embeddable":true,"href":"https:\/\/haller.pmachinery.de\/wordpress\/wp-json\/wp\/v2\/tags?post=828"}],"curies":[{"name":"wp","href":"https:\/\/api.w.org\/{rel}","templated":true}]}}